{"id":1153,"date":"2013-10-15T20:22:11","date_gmt":"2013-10-15T20:22:11","guid":{"rendered":"http:\/\/www.cdlbc.com.br\/portal\/?p=1153"},"modified":"2013-10-15T20:22:45","modified_gmt":"2013-10-15T20:22:45","slug":"volume-de-vendas-no-comercio-varejista-tem-sexto-resultado-positivo-consecutivo","status":"publish","type":"post","link":"https:\/\/www.cdlbc.com.br\/portal\/noticias\/volume-de-vendas-no-comercio-varejista-tem-sexto-resultado-positivo-consecutivo\/","title":{"rendered":"Volume de vendas no com\u00e9rcio varejista tem sexto resultado positivo consecutivo"},"content":{"rendered":"<p><a href=\"http:\/\/www.cdlbc.com.br\/portal\/wp-content\/uploads\/2013\/10\/sobe.jpg\"><img loading=\"lazy\" decoding=\"async\" class=\"size-full wp-image-1154 alignleft\" alt=\"sobe\" src=\"http:\/\/www.cdlbc.com.br\/portal\/wp-content\/uploads\/2013\/10\/sobe.jpg\" width=\"290\" height=\"174\" srcset=\"https:\/\/www.cdlbc.com.br\/portal\/wp-content\/uploads\/2013\/10\/sobe.jpg 290w, https:\/\/www.cdlbc.com.br\/portal\/wp-content\/uploads\/2013\/10\/sobe-250x150.jpg 250w\" sizes=\"auto, (max-width: 290px) 100vw, 290px\" \/><\/a>O resultado da Pesquisa Mensal do Com\u00e9rcio (PMC) deste m\u00eas, divulgada pelo Instituto Brasileiro de Geografia e Estat\u00edstica (IBGE) mostra que o com\u00e9rcio varejista no Brasil registrou em agosto varia\u00e7\u00e3o 0,9% no volume de vendas e de 1,2% na receita nominal, em compara\u00e7\u00e3o com o m\u00eas anterior \u2013 com o ajuste sazonal.<\/p>\n<p>\u00c9 o sexto resultado positivo consecutivo para o volume de vendas, enquanto a receita nominal mant\u00e9m taxas positivas desde junho de 2012. Ambas as taxas mostraram desacelera\u00e7\u00e3o em rela\u00e7\u00e3o a julho (2,1% e 2,1%, respectivamente). Na compara\u00e7\u00e3o com agosto de 2012, em termos de volume, o varejo apresentou varia\u00e7\u00e3o positiva de 6,2%; j\u00e1 na receita nominal, houve avan\u00e7o de 13,6%. No acumulado dos 12 meses, o volume de vendas cresceu 5,1% e a receita nominal cresceu 12,2%.<\/p>\n<p><strong>Equipamentos e material para escrit\u00f3rio tiveram maior alta<\/strong><\/p>\n<p>Para o volume de vendas com ajuste sazonal, oito das dez atividades pesquisadas tiveram alta: equipamentos e material para escrit\u00f3rio, inform\u00e1tica e comunica\u00e7\u00e3o (7,6%); ve\u00edculos e motos, partes e pe\u00e7as (2,6%); artigos farmac\u00eauticos, m\u00e9dicos, ortop\u00e9dicos, de perfumaria e cosm\u00e9ticos (1,1%); livros, jornais, revistas e papelaria (0,9%); m\u00f3veis e eletrodom\u00e9sticos (0,8%); material de constru\u00e7\u00e3o (0,8%); hipermercados, supermercados, produtos aliment\u00edcios, bebidas e fumo (0,6%); outros artigos de uso pessoal e dom\u00e9stico (0,1%). as demais atividades tiveram quedas: combust\u00edveis e lubrificantes (-0,7%) e tecidos, vestu\u00e1rio e cal\u00e7ados com -1,0%.<br \/>\nO Com\u00e9rcio Varejista ampliado registrou varia\u00e7\u00f5es em rela\u00e7\u00e3o ao m\u00eas anterior (s\u00e9rie com ajuste) de 0,6% para o volume de vendas e de 0,9% para a receita nominal. Em rela\u00e7\u00e3o a agosto de 2012 (s\u00e9rie sem ajuste sazonal), as varia\u00e7\u00f5es foram de -0,8% para o volume de vendas e de 4,8% para a receita nominal. O acumulado do ano para o volume de vendas foi de 3,1%, e nos \u00faltimos 12 meses, de 4,4%. J\u00e1 a receita nominal obteve varia\u00e7\u00f5es de 8,2% e 8,5%, respectivamente.<\/p>\n<p><strong>Vendas em Santa Catarina cresceu 5,3%<\/strong><\/p>\n<p>Em Santa Catarina, o volume de vendas cresceu 5,3% e a receita nominal 13,2%, ambos em agosto na compara\u00e7\u00e3o com julho. No acumulado de 12 meses o volume de vendas cresceu 3,6% e a receita nominal 11,6%. No m\u00eas passado a varia\u00e7\u00e3o havia sido de 3,5% e 11,4%, respectivamente. O que mostra estabilidade nos \u00edndices de crescimento.<\/p>\n<p>Para a Federa\u00e7\u00e3o do Com\u00e9rcio de Bens, Servi\u00e7os e Turismo de Santa Catarina (Fecom\u00e9rcio SC), o com\u00e9rcio no Estado cresce impulsionado pela retomada do poder de compra das fam\u00edlias, propiciado pela queda da infla\u00e7\u00e3o e pela diminui\u00e7\u00e3o da inadimpl\u00eancia que permitiram uma expans\u00e3o do consumo. Entretanto, o menor saldo de contrata\u00e7\u00e3o de novos trabalhadores em fun\u00e7\u00e3o dos elevados custos do trabalho faz com que este in\u00edcio de recupera\u00e7\u00e3o provavelmente n\u00e3o seja vigoroso, tendendo \u00e0 estabilidade.<\/p>\n","protected":false},"excerpt":{"rendered":"<p>O resultado da Pesquisa Mensal do Com\u00e9rcio (PMC) deste m\u00eas, divulgada pelo Instituto Brasileiro de Geografia e Estat\u00edstica (IBGE) mostra que o com\u00e9rcio varejista no Brasil registrou em agosto varia\u00e7\u00e3o 0,9% no volume de vendas e de 1,2% na receita nominal, em compara\u00e7\u00e3o com o m\u00eas anterior \u2013 com o ajuste sazonal. \u00c9 o sexto [&hellip;]<\/p>\n","protected":false},"author":1,"featured_media":1154,"comment_status":"closed","ping_status":"open","sticky":false,"template":"","format":"standard","meta":{"footnotes":""},"categories":[6,5],"tags":[],"class_list":["post-1153","post","type-post","status-publish","format-standard","has-post-thumbnail","hentry","category-destaque","category-noticias"],"_links":{"self":[{"href":"https:\/\/www.cdlbc.com.br\/portal\/wp-json\/wp\/v2\/posts\/1153","targetHints":{"allow":["GET"]}}],"collection":[{"href":"https:\/\/www.cdlbc.com.br\/portal\/wp-json\/wp\/v2\/posts"}],"about":[{"href":"https:\/\/www.cdlbc.com.br\/portal\/wp-json\/wp\/v2\/types\/post"}],"author":[{"embeddable":true,"href":"https:\/\/www.cdlbc.com.br\/portal\/wp-json\/wp\/v2\/users\/1"}],"replies":[{"embeddable":true,"href":"https:\/\/www.cdlbc.com.br\/portal\/wp-json\/wp\/v2\/comments?post=1153"}],"version-history":[{"count":2,"href":"https:\/\/www.cdlbc.com.br\/portal\/wp-json\/wp\/v2\/posts\/1153\/revisions"}],"predecessor-version":[{"id":1156,"href":"https:\/\/www.cdlbc.com.br\/portal\/wp-json\/wp\/v2\/posts\/1153\/revisions\/1156"}],"wp:featuredmedia":[{"embeddable":true,"href":"https:\/\/www.cdlbc.com.br\/portal\/wp-json\/wp\/v2\/media\/1154"}],"wp:attachment":[{"href":"https:\/\/www.cdlbc.com.br\/portal\/wp-json\/wp\/v2\/media?parent=1153"}],"wp:term":[{"taxonomy":"category","embeddable":true,"href":"https:\/\/www.cdlbc.com.br\/portal\/wp-json\/wp\/v2\/categories?post=1153"},{"taxonomy":"post_tag","embeddable":true,"href":"https:\/\/www.cdlbc.com.br\/portal\/wp-json\/wp\/v2\/tags?post=1153"}],"curies":[{"name":"wp","href":"https:\/\/api.w.org\/{rel}","templated":true}]}}