{"id":11170,"date":"2019-09-13T18:23:53","date_gmt":"2019-09-13T20:23:53","guid":{"rendered":"http:\/\/www.cdlbc.com.br\/portal\/?p=11170"},"modified":"2019-09-13T18:23:53","modified_gmt":"2019-09-13T20:23:53","slug":"campanha-quer-minimizar-o-uso-de-sacolas-plasticas-em-balneario-camboriu","status":"publish","type":"post","link":"https:\/\/www.cdlbc.com.br\/portal\/noticias\/campanha-quer-minimizar-o-uso-de-sacolas-plasticas-em-balneario-camboriu\/","title":{"rendered":"Campanha quer minimizar o uso de sacolas pl\u00e1sticas em Balne\u00e1rio Cambori\u00fa"},"content":{"rendered":"<p>A C\u00e2mara de Dirigentes Lojistas de Balne\u00e1rio Cambori\u00fa (CDL-BC) quer minimizar o uso de sacolas pl\u00e1sticas no munic\u00edpio. Em algumas cidades do Brasil, como Belo Horizonte, elas foram totalmente banidas do com\u00e9rcio. Mas enquanto n\u00e3o se decide no Brasil inteiro qual \u00e9 a melhor solu\u00e7\u00e3o para elas, a entidade est\u00e1 abra\u00e7ando a campanha \u201cSacolas Pl\u00e1sticas \u2013 recursar, reduzir e reutilizar \u2013 espalhe esta ideia\u201d.<\/p>\n<p>&nbsp;<\/p>\n<p>O objetivo \u00e9 conscientizar a popula\u00e7\u00e3o para evitar o uso deste tipo de material em Balne\u00e1rio Cambori\u00fa. Feitas de pl\u00e1stico n\u00e3o recicl\u00e1vel, elas n\u00e3o s\u00e3o degradadas pelos organismos vivos do ambiente e demoram cerca de 200 anos para se decompor. De acordo com a presidente da CDL, Eliane Colla, as pessoas precisam saber que existem outras op\u00e7\u00f5es para as compras. Ela recomenda que usem algo que seja retorn\u00e1vel, como as sacolas reutiliz\u00e1veis, j\u00e1 que as pl\u00e1sticas prejudicam o ambiente.<\/p>\n","protected":false},"excerpt":{"rendered":"<p>A C\u00e2mara de Dirigentes Lojistas de Balne\u00e1rio Cambori\u00fa (CDL-BC) quer minimizar o uso de sacolas pl\u00e1sticas no munic\u00edpio. Em algumas cidades do Brasil, como Belo Horizonte, elas foram totalmente banidas do com\u00e9rcio. Mas enquanto n\u00e3o se decide no Brasil inteiro qual \u00e9 a melhor solu\u00e7\u00e3o para elas, a entidade est\u00e1 abra\u00e7ando a campanha \u201cSacolas Pl\u00e1sticas [&hellip;]<\/p>\n","protected":false},"author":1,"featured_media":11175,"comment_status":"closed","ping_status":"open","sticky":false,"template":"","format":"standard","meta":{"footnotes":""},"categories":[11,6,13,5],"tags":[],"class_list":["post-11170","post","type-post","status-publish","format-standard","has-post-thumbnail","hentry","category-cursos-e-eventos","category-destaque","category-eventos","category-noticias"],"_links":{"self":[{"href":"https:\/\/www.cdlbc.com.br\/portal\/wp-json\/wp\/v2\/posts\/11170","targetHints":{"allow":["GET"]}}],"collection":[{"href":"https:\/\/www.cdlbc.com.br\/portal\/wp-json\/wp\/v2\/posts"}],"about":[{"href":"https:\/\/www.cdlbc.com.br\/portal\/wp-json\/wp\/v2\/types\/post"}],"author":[{"embeddable":true,"href":"https:\/\/www.cdlbc.com.br\/portal\/wp-json\/wp\/v2\/users\/1"}],"replies":[{"embeddable":true,"href":"https:\/\/www.cdlbc.com.br\/portal\/wp-json\/wp\/v2\/comments?post=11170"}],"version-history":[{"count":1,"href":"https:\/\/www.cdlbc.com.br\/portal\/wp-json\/wp\/v2\/posts\/11170\/revisions"}],"predecessor-version":[{"id":11179,"href":"https:\/\/www.cdlbc.com.br\/portal\/wp-json\/wp\/v2\/posts\/11170\/revisions\/11179"}],"wp:featuredmedia":[{"embeddable":true,"href":"https:\/\/www.cdlbc.com.br\/portal\/wp-json\/wp\/v2\/media\/11175"}],"wp:attachment":[{"href":"https:\/\/www.cdlbc.com.br\/portal\/wp-json\/wp\/v2\/media?parent=11170"}],"wp:term":[{"taxonomy":"category","embeddable":true,"href":"https:\/\/www.cdlbc.com.br\/portal\/wp-json\/wp\/v2\/categories?post=11170"},{"taxonomy":"post_tag","embeddable":true,"href":"https:\/\/www.cdlbc.com.br\/portal\/wp-json\/wp\/v2\/tags?post=11170"}],"curies":[{"name":"wp","href":"https:\/\/api.w.org\/{rel}","templated":true}]}}