{"id":10988,"date":"2019-07-19T18:48:15","date_gmt":"2019-07-19T20:48:15","guid":{"rendered":"http:\/\/www.cdlbc.com.br\/portal\/?p=10988"},"modified":"2019-07-19T18:48:15","modified_gmt":"2019-07-19T20:48:15","slug":"vendas-a-prazo-crescem-pelo-segundo-ano-consecutivo","status":"publish","type":"post","link":"https:\/\/www.cdlbc.com.br\/portal\/noticias\/vendas-a-prazo-crescem-pelo-segundo-ano-consecutivo\/","title":{"rendered":"VENDAS A PRAZO CRESCEM PELO SEGUNDO ANO CONSECUTIVO"},"content":{"rendered":"<p>Depois de amargar tr\u00eas anos consecutivos de resultados no vermelho, as vendas a prazo no varejo voltaram a crescer pelo segundo ano seguido. Dados apurados pelo Indicador de Atividade do Varejo da Confedera\u00e7\u00e3o Nacional de Dirigentes Lojistas (CNDL) e do Servi\u00e7o de Prote\u00e7\u00e3o ao Cr\u00e9dito (SPC Brasil) mostram que as consultas de CPFs para vendas parceladas cresceram 2,15% no acumulado em 12 meses at\u00e9 junho deste ano. O n\u00famero comprova a trajet\u00f3ria de recupera\u00e7\u00e3o do com\u00e9rcio, por\u00e9m a um ritmo menor, uma vez que em junho de 2018, as vendas haviam crescido 3,13%.<\/p>\n<p>&nbsp;<\/p>\n<p>No auge da recess\u00e3o, entre os anos de 2015 e 2017, as vendas a prazo no varejo registraram quedas de -2,06%, -5,16% e -4,34%, respectivamente. O Indicador de Atividade do Com\u00e9rcio \u00e9 constru\u00eddo a partir das consultas de CPFs e \u00e9 um term\u00f4metro da inten\u00e7\u00e3o de compras a prazo por parte do consumidor, abrangendo os segmentos de supermercados, lojas de roupas, cal\u00e7ados e acess\u00f3rios, m\u00f3veis e eletrodom\u00e9sticos.<\/p>\n<p>&nbsp;<\/p>\n<p><strong>Metodologia<\/strong><\/p>\n<p>&nbsp;<\/p>\n<p>O Indicador de Atividade do Com\u00e9rcio \u00e9 constru\u00eddo a partir das consultas de CPFs feitas nas bases de dados que o SPC Brasil tem acesso. As consultas de CPF indicam a inten\u00e7\u00e3o de compra a prazo por parte do consumidor e podem resultar, ou n\u00e3o, na obten\u00e7\u00e3o de cr\u00e9dito. Para a constru\u00e7\u00e3o do Indicador, considera-se apenas as consultas feitas pelo setor de Com\u00e9rcio. Os dados podem ser abertos por Com\u00e9rcio varejista e atacadista a de bens n\u00e3o dur\u00e1veis e semidur\u00e1veis. Acesse a \u00edntegra do indicador em <a href=\"https:\/\/www.spcbrasil.org.br\/imprensa\/indices-economicos\">https:\/\/www.spcbrasil.org.br\/imprensa\/indices-economicos<\/a><\/p>\n<p><img loading=\"lazy\" decoding=\"async\" class=\" wp-image-10990\" src=\"http:\/\/www.cdlbc.com.br\/portal\/wp-content\/uploads\/2019\/07\/vendas-a-prazo.jpg\" alt=\"\" width=\"446\" height=\"251\" srcset=\"https:\/\/www.cdlbc.com.br\/portal\/wp-content\/uploads\/2019\/07\/vendas-a-prazo.jpg 800w, https:\/\/www.cdlbc.com.br\/portal\/wp-content\/uploads\/2019\/07\/vendas-a-prazo-300x169.jpg 300w, https:\/\/www.cdlbc.com.br\/portal\/wp-content\/uploads\/2019\/07\/vendas-a-prazo-768x432.jpg 768w, https:\/\/www.cdlbc.com.br\/portal\/wp-content\/uploads\/2019\/07\/vendas-a-prazo-555x312.jpg 555w, https:\/\/www.cdlbc.com.br\/portal\/wp-content\/uploads\/2019\/07\/vendas-a-prazo-600x338.jpg 600w\" sizes=\"auto, (max-width: 446px) 100vw, 446px\" \/><\/p>\n","protected":false},"excerpt":{"rendered":"<p>Depois de amargar tr\u00eas anos consecutivos de resultados no vermelho, as vendas a prazo no varejo voltaram a crescer pelo segundo ano seguido. Dados apurados pelo Indicador de Atividade do Varejo da Confedera\u00e7\u00e3o Nacional de Dirigentes Lojistas (CNDL) e do Servi\u00e7o de Prote\u00e7\u00e3o ao Cr\u00e9dito (SPC Brasil) mostram que as consultas de CPFs para vendas [&hellip;]<\/p>\n","protected":false},"author":1,"featured_media":10992,"comment_status":"closed","ping_status":"open","sticky":false,"template":"","format":"standard","meta":{"footnotes":""},"categories":[6,5],"tags":[],"class_list":["post-10988","post","type-post","status-publish","format-standard","has-post-thumbnail","hentry","category-destaque","category-noticias"],"_links":{"self":[{"href":"https:\/\/www.cdlbc.com.br\/portal\/wp-json\/wp\/v2\/posts\/10988","targetHints":{"allow":["GET"]}}],"collection":[{"href":"https:\/\/www.cdlbc.com.br\/portal\/wp-json\/wp\/v2\/posts"}],"about":[{"href":"https:\/\/www.cdlbc.com.br\/portal\/wp-json\/wp\/v2\/types\/post"}],"author":[{"embeddable":true,"href":"https:\/\/www.cdlbc.com.br\/portal\/wp-json\/wp\/v2\/users\/1"}],"replies":[{"embeddable":true,"href":"https:\/\/www.cdlbc.com.br\/portal\/wp-json\/wp\/v2\/comments?post=10988"}],"version-history":[{"count":1,"href":"https:\/\/www.cdlbc.com.br\/portal\/wp-json\/wp\/v2\/posts\/10988\/revisions"}],"predecessor-version":[{"id":10993,"href":"https:\/\/www.cdlbc.com.br\/portal\/wp-json\/wp\/v2\/posts\/10988\/revisions\/10993"}],"wp:featuredmedia":[{"embeddable":true,"href":"https:\/\/www.cdlbc.com.br\/portal\/wp-json\/wp\/v2\/media\/10992"}],"wp:attachment":[{"href":"https:\/\/www.cdlbc.com.br\/portal\/wp-json\/wp\/v2\/media?parent=10988"}],"wp:term":[{"taxonomy":"category","embeddable":true,"href":"https:\/\/www.cdlbc.com.br\/portal\/wp-json\/wp\/v2\/categories?post=10988"},{"taxonomy":"post_tag","embeddable":true,"href":"https:\/\/www.cdlbc.com.br\/portal\/wp-json\/wp\/v2\/tags?post=10988"}],"curies":[{"name":"wp","href":"https:\/\/api.w.org\/{rel}","templated":true}]}}