{"id":10986,"date":"2019-07-19T18:48:47","date_gmt":"2019-07-19T20:48:47","guid":{"rendered":"http:\/\/www.cdlbc.com.br\/portal\/?p=10986"},"modified":"2019-07-19T18:48:47","modified_gmt":"2019-07-19T20:48:47","slug":"neste-sabado-tem-recolhimento-de-lixo-eletronico-na-cdl","status":"publish","type":"post","link":"https:\/\/www.cdlbc.com.br\/portal\/noticias\/neste-sabado-tem-recolhimento-de-lixo-eletronico-na-cdl\/","title":{"rendered":"NESTE S\u00c1BADO TEM RECOLHIMENTO DE LIXO ELETR\u00d4NICO NA CDL"},"content":{"rendered":"<p>Moradores de Balne\u00e1rio Cambori\u00fa, Cambori\u00fa, Bombinhas, Porto Belo e Itapema \u2013 regi\u00e3o que comp\u00f5em o 22\u00ba Distrito da Federa\u00e7\u00e3o das C\u00e2maras de Dirigentes Lojistas de Santa Catarina (FCDL) \u2013 interessados em fazer o descarte correto de lixo eletr\u00f4nico podem aproveitar a Campanha do \u201cRecicla CDL\u201d. A a\u00e7\u00e3o ser\u00e1 realizada neste s\u00e1bado, dia 20 de julho, das 9h \u00e0s 15h horas. Em Balne\u00e1rio Cambori\u00fa, feriado municipal, a CDL vai ficar aberta neste per\u00edodo exclusivamente para receber o material recicl\u00e1vel. (Confira abaixo os demais locais de coleta).<\/p>\n<p>&nbsp;<\/p>\n<p>Cerca de 50 milh\u00f5es de toneladas de res\u00edduos eletr\u00f4nicos s\u00e3o jogadas fora, todos os anos, pela popula\u00e7\u00e3o do mundo. No Brasil, algumas empresas encontraram na reciclagem de aparelhos descartados uma boa oportunidade de mercado. A iniciativa tem apoio da Decosul, de Ascurra, empresa certificada pelos \u00f3rg\u00e3os ambientais para fazer a coleta deste tipo de material.<\/p>\n<p>&nbsp;<\/p>\n<p>A empresa do M\u00e9dio Vale do Itaja\u00ed explica que o material arrecadado ser\u00e1 descartado de forma correta. Nesse dia, a comunidade poder\u00e1 levar at\u00e9 os pontos de coleta todo o tipo de material eletr\u00f4nico como baterias, pilhas, celulares, computadores, acess\u00f3rios, equipamentos de inform\u00e1tica e eletrodom\u00e9sticos, com exce\u00e7\u00e3o de l\u00e2mpadas. Em Timb\u00f3, onde a empresa fez campanha similar, em um dia foram arrecadadas cerca de 11 toneladas de e-lixo.<\/p>\n<p>&nbsp;<\/p>\n<p>O Recicla CDL \u00e9 um programa desenvolvido pela FCDL de Santa Catarina e pelas CDLs, com apoio do Instituto do Meio Ambiente de Santa Catarina. Com isso, h\u00e1 o est\u00edmulo para que as CDLs realizem anualmente a campanha de arrecada\u00e7\u00e3o e destina\u00e7\u00e3o final adequada dos res\u00edduos eletroeletr\u00f4nicos.<\/p>\n<p>&nbsp;<\/p>\n<p><strong>N\u00c3O SER\u00c3O RECOLHIDAS L\u00c2MPADAS<\/strong><\/p>\n<p>&nbsp;<\/p>\n<p style=\"text-align: center;\">POSTO DE COLETA RECICLA CDL (LIXO ELETR\u00d4NICO)<\/p>\n<p><img loading=\"lazy\" decoding=\"async\" class=\"aligncenter  wp-image-10991\" src=\"http:\/\/www.cdlbc.com.br\/portal\/wp-content\/uploads\/2019\/07\/Recicla-CDL.png\" alt=\"\" width=\"527\" height=\"527\" srcset=\"https:\/\/www.cdlbc.com.br\/portal\/wp-content\/uploads\/2019\/07\/Recicla-CDL.png 960w, https:\/\/www.cdlbc.com.br\/portal\/wp-content\/uploads\/2019\/07\/Recicla-CDL-300x300.png 300w, https:\/\/www.cdlbc.com.br\/portal\/wp-content\/uploads\/2019\/07\/Recicla-CDL-768x768.png 768w, https:\/\/www.cdlbc.com.br\/portal\/wp-content\/uploads\/2019\/07\/Recicla-CDL-50x50.png 50w, https:\/\/www.cdlbc.com.br\/portal\/wp-content\/uploads\/2019\/07\/Recicla-CDL-555x555.png 555w, https:\/\/www.cdlbc.com.br\/portal\/wp-content\/uploads\/2019\/07\/Recicla-CDL-600x600.png 600w\" sizes=\"auto, (max-width: 527px) 100vw, 527px\" \/><\/p>\n","protected":false},"excerpt":{"rendered":"<p>Moradores de Balne\u00e1rio Cambori\u00fa, Cambori\u00fa, Bombinhas, Porto Belo e Itapema \u2013 regi\u00e3o que comp\u00f5em o 22\u00ba Distrito da Federa\u00e7\u00e3o das C\u00e2maras de Dirigentes Lojistas de Santa Catarina (FCDL) \u2013 interessados em fazer o descarte correto de lixo eletr\u00f4nico podem aproveitar a Campanha do \u201cRecicla CDL\u201d. A a\u00e7\u00e3o ser\u00e1 realizada neste s\u00e1bado, dia 20 de julho, [&hellip;]<\/p>\n","protected":false},"author":1,"featured_media":10987,"comment_status":"closed","ping_status":"open","sticky":false,"template":"","format":"standard","meta":{"footnotes":""},"categories":[6,5],"tags":[],"class_list":["post-10986","post","type-post","status-publish","format-standard","has-post-thumbnail","hentry","category-destaque","category-noticias"],"_links":{"self":[{"href":"https:\/\/www.cdlbc.com.br\/portal\/wp-json\/wp\/v2\/posts\/10986","targetHints":{"allow":["GET"]}}],"collection":[{"href":"https:\/\/www.cdlbc.com.br\/portal\/wp-json\/wp\/v2\/posts"}],"about":[{"href":"https:\/\/www.cdlbc.com.br\/portal\/wp-json\/wp\/v2\/types\/post"}],"author":[{"embeddable":true,"href":"https:\/\/www.cdlbc.com.br\/portal\/wp-json\/wp\/v2\/users\/1"}],"replies":[{"embeddable":true,"href":"https:\/\/www.cdlbc.com.br\/portal\/wp-json\/wp\/v2\/comments?post=10986"}],"version-history":[{"count":1,"href":"https:\/\/www.cdlbc.com.br\/portal\/wp-json\/wp\/v2\/posts\/10986\/revisions"}],"predecessor-version":[{"id":10995,"href":"https:\/\/www.cdlbc.com.br\/portal\/wp-json\/wp\/v2\/posts\/10986\/revisions\/10995"}],"wp:featuredmedia":[{"embeddable":true,"href":"https:\/\/www.cdlbc.com.br\/portal\/wp-json\/wp\/v2\/media\/10987"}],"wp:attachment":[{"href":"https:\/\/www.cdlbc.com.br\/portal\/wp-json\/wp\/v2\/media?parent=10986"}],"wp:term":[{"taxonomy":"category","embeddable":true,"href":"https:\/\/www.cdlbc.com.br\/portal\/wp-json\/wp\/v2\/categories?post=10986"},{"taxonomy":"post_tag","embeddable":true,"href":"https:\/\/www.cdlbc.com.br\/portal\/wp-json\/wp\/v2\/tags?post=10986"}],"curies":[{"name":"wp","href":"https:\/\/api.w.org\/{rel}","templated":true}]}}