{"id":10945,"date":"2019-07-05T18:48:24","date_gmt":"2019-07-05T20:48:24","guid":{"rendered":"http:\/\/www.cdlbc.com.br\/portal\/?p=10945"},"modified":"2019-07-06T17:32:52","modified_gmt":"2019-07-06T19:32:52","slug":"recicla-cdl-tera-acao-simultanea-em-cinco-cidades-do-litoral-no-dia-20-de-julho","status":"publish","type":"post","link":"https:\/\/www.cdlbc.com.br\/portal\/noticias\/recicla-cdl-tera-acao-simultanea-em-cinco-cidades-do-litoral-no-dia-20-de-julho\/","title":{"rendered":"Recicla CDL ter\u00e1 a\u00e7\u00e3o simult\u00e2nea em cinco cidades do litoral no dia 20 de julho"},"content":{"rendered":"<p>O lixo eletr\u00f4nico, tamb\u00e9m conhecido como e-lixo, \u00e9 gerado pelas constantes mudan\u00e7as tecnol\u00f3gicas dos computadores e celulares, j\u00e1 que os aparelhos antigos v\u00e3o perdendo lugar e dando vaga aos novos produtos. Pensando nisso, as CDLs do 22\u00ba Distrito \u2013 que envolvem as cidades de Balne\u00e1rio Cambori\u00fa, Cambori\u00fa, Bombinhas, Porto Belo e Itapema \u2013 realizar\u00e3o no dia 20 de julho a campanha \u201cRecicla CDL\u201d, 9h \u00e0s 15h. (Confira abaixo os locais de coleta)<\/p>\n<p>Cerca de 50 milh\u00f5es de toneladas de res\u00edduos eletr\u00f4nicos s\u00e3o jogadas fora, todos os anos, pela popula\u00e7\u00e3o do mundo. No Brasil, algumas empresas encontraram na reciclagem de aparelhos descartados uma boa oportunidade de mercado. A iniciativa tem apoio da Decosul, de Ascurra, empresa certificada pelos \u00f3rg\u00e3os ambientais para fazer a coleta deste tipo de material.<\/p>\n<p>A empresa do M\u00e9dio Vale do Itaja\u00ed explica que o material arrecadado ser\u00e1 descartado de forma correta. Nesse dia, a comunidade poder\u00e1 levar at\u00e9 os pontos de coleta todo o tipo de material eletr\u00f4nico como baterias, pilhas, celulares, computadores, acess\u00f3rios, equipamentos de inform\u00e1tica e eletrodom\u00e9sticos, com exce\u00e7\u00e3o de l\u00e2mpadas. Em Timb\u00f3, onde a empresa fez campanha similar, em um dia foram arrecadadas cerca de 20 toneladas de e-lixo.<\/p>\n<p>O Recicla CDL \u00e9 um programa desenvolvido pela Federa\u00e7\u00e3o das C\u00e2maras de Dirigentes Lojistas (FCDL) de Santa Catarina e pelas CDLs, com apoio do Instituto do Meio Ambiente de Santa Catarina. Com isso, h\u00e1 o est\u00edmulo para que as CDLs realizem anualmente a campanha de arrecada\u00e7\u00e3o e destina\u00e7\u00e3o final adequada dos res\u00edduos eletroeletr\u00f4nicos, exceto l\u00e2mpadas em geral.<\/p>\n<p><u>POSTO DE COLETA RECICLA CDL (LIXO ELETR\u00d4NICO)<\/u><\/p>\n<p><strong>Balne\u00e1rio Cambori\u00fa <\/strong><\/p>\n<p>CDL de Balne\u00e1rio Cambori\u00fa \u2013 Rua 902, n\u00ba. 530, Centro<\/p>\n<p><strong>Bombinhas<\/strong><\/p>\n<p>CDL de Bombinhas &#8211; Rua Baleia Jubarte, 242 &#8211; Sala 05, Jos\u00e9 Am\u00e2ndio,<\/p>\n<p><strong>Cambori\u00fa<\/strong><\/p>\n<p>CDL de Cambori\u00fa &#8211; Rua Olga Bernardes Amorim, 127<\/p>\n<p><strong>Itapema<\/strong><\/p>\n<p>Auto Posto Mar Azul \u2013 Avenida Nereu Ramos, 3550, Centro<\/p>\n<p><strong>Porto Belo<\/strong><\/p>\n<p>Pra\u00e7a em frente a Sicredi \u2013 Rua Joaquim Mendes, 25, Vila Nova<\/p>\n<p><img loading=\"lazy\" decoding=\"async\" class=\"aligncenter size-full wp-image-10956\" src=\"http:\/\/www.cdlbc.com.br\/portal\/wp-content\/uploads\/2019\/07\/Newsletter-site.png\" alt=\"\" width=\"1200\" height=\"1697\" srcset=\"https:\/\/www.cdlbc.com.br\/portal\/wp-content\/uploads\/2019\/07\/Newsletter-site.png 1200w, https:\/\/www.cdlbc.com.br\/portal\/wp-content\/uploads\/2019\/07\/Newsletter-site-212x300.png 212w, https:\/\/www.cdlbc.com.br\/portal\/wp-content\/uploads\/2019\/07\/Newsletter-site-768x1086.png 768w, https:\/\/www.cdlbc.com.br\/portal\/wp-content\/uploads\/2019\/07\/Newsletter-site-724x1024.png 724w, https:\/\/www.cdlbc.com.br\/portal\/wp-content\/uploads\/2019\/07\/Newsletter-site-555x785.png 555w, https:\/\/www.cdlbc.com.br\/portal\/wp-content\/uploads\/2019\/07\/Newsletter-site-1110x1570.png 1110w, https:\/\/www.cdlbc.com.br\/portal\/wp-content\/uploads\/2019\/07\/Newsletter-site-600x849.png 600w\" sizes=\"auto, (max-width: 1200px) 100vw, 1200px\" \/><\/p>\n","protected":false},"excerpt":{"rendered":"<p>O lixo eletr\u00f4nico, tamb\u00e9m conhecido como e-lixo, \u00e9 gerado pelas constantes mudan\u00e7as tecnol\u00f3gicas dos computadores e celulares, j\u00e1 que os aparelhos antigos v\u00e3o perdendo lugar e dando vaga aos novos produtos. Pensando nisso, as CDLs do 22\u00ba Distrito \u2013 que envolvem as cidades de Balne\u00e1rio Cambori\u00fa, Cambori\u00fa, Bombinhas, Porto Belo e Itapema \u2013 realizar\u00e3o no [&hellip;]<\/p>\n","protected":false},"author":1,"featured_media":10953,"comment_status":"closed","ping_status":"open","sticky":false,"template":"","format":"standard","meta":{"footnotes":""},"categories":[11,6,13,5],"tags":[],"class_list":["post-10945","post","type-post","status-publish","format-standard","has-post-thumbnail","hentry","category-cursos-e-eventos","category-destaque","category-eventos","category-noticias"],"_links":{"self":[{"href":"https:\/\/www.cdlbc.com.br\/portal\/wp-json\/wp\/v2\/posts\/10945","targetHints":{"allow":["GET"]}}],"collection":[{"href":"https:\/\/www.cdlbc.com.br\/portal\/wp-json\/wp\/v2\/posts"}],"about":[{"href":"https:\/\/www.cdlbc.com.br\/portal\/wp-json\/wp\/v2\/types\/post"}],"author":[{"embeddable":true,"href":"https:\/\/www.cdlbc.com.br\/portal\/wp-json\/wp\/v2\/users\/1"}],"replies":[{"embeddable":true,"href":"https:\/\/www.cdlbc.com.br\/portal\/wp-json\/wp\/v2\/comments?post=10945"}],"version-history":[{"count":3,"href":"https:\/\/www.cdlbc.com.br\/portal\/wp-json\/wp\/v2\/posts\/10945\/revisions"}],"predecessor-version":[{"id":10957,"href":"https:\/\/www.cdlbc.com.br\/portal\/wp-json\/wp\/v2\/posts\/10945\/revisions\/10957"}],"wp:featuredmedia":[{"embeddable":true,"href":"https:\/\/www.cdlbc.com.br\/portal\/wp-json\/wp\/v2\/media\/10953"}],"wp:attachment":[{"href":"https:\/\/www.cdlbc.com.br\/portal\/wp-json\/wp\/v2\/media?parent=10945"}],"wp:term":[{"taxonomy":"category","embeddable":true,"href":"https:\/\/www.cdlbc.com.br\/portal\/wp-json\/wp\/v2\/categories?post=10945"},{"taxonomy":"post_tag","embeddable":true,"href":"https:\/\/www.cdlbc.com.br\/portal\/wp-json\/wp\/v2\/tags?post=10945"}],"curies":[{"name":"wp","href":"https:\/\/api.w.org\/{rel}","templated":true}]}}