{"id":1094,"date":"2013-10-04T20:39:22","date_gmt":"2013-10-04T20:39:22","guid":{"rendered":"http:\/\/www.cdlbc.com.br\/portal\/?p=1094"},"modified":"2013-10-04T20:39:33","modified_gmt":"2013-10-04T20:39:33","slug":"criacao-de-vagas-temporarias-no-comercio-deve-ser-menor-neste-final-de-ano","status":"publish","type":"post","link":"https:\/\/www.cdlbc.com.br\/portal\/noticias\/criacao-de-vagas-temporarias-no-comercio-deve-ser-menor-neste-final-de-ano\/","title":{"rendered":"Cria\u00e7\u00e3o de vagas tempor\u00e1rias no com\u00e9rcio deve ser menor neste final de ano"},"content":{"rendered":"<p>A Fecom\u00e9rcio SC estima a cria\u00e7\u00e3o de 10 mil vagas tempor\u00e1rias no com\u00e9rcio catarinense para a temporada de final de ano. O n\u00famero \u00e9 menor do que o saldo obtido em 2012, quando foram criadas em torno de 13 mil vagas. A estimativa de um menor n\u00famero de vagas este ano expressa, principalmente, a desacelera\u00e7\u00e3o das vendas do com\u00e9rcio em 2013. Dados do IBGE demonstram que enquanto que, em julho de 2012, o crescimento do varejo catarinense foi de 8,11% ao ano, em julho de 2013, o resultado foi de 3,52% no acumulado de 12 meses &#8211; julho \u00e9 o \u00faltimo m\u00eas dispon\u00edvel na s\u00e9rie hist\u00f3rica do IBGE.<\/p>\n<p>&nbsp;<\/p>\n<p>Al\u00e9m disso, os elevados custos de contrata\u00e7\u00e3o, aliados \u00e0 baixa produtividade da m\u00e3o de obra dispon\u00edvel no mercado, v\u00eam fazendo com que os empres\u00e1rios tornem-se cada vez mais receosos na hora de contratar. Os primeiros meses do ano j\u00e1 demonstraram isso: se de janeiro at\u00e9 agosto do ano passado foram criadas 1.406 vagas no com\u00e9rcio do Estado, esse n\u00famero caiu para 1.062 no mesmo per\u00edodo deste ano, segundo os dados do Minist\u00e9rio do Trabalho. Deste total de vagas que devem ser criadas, principalmente, nos meses de setembro, outubro e novembro, a Fecom\u00e9rcio prev\u00ea que, em torno de 20%, devem ser efetivados ap\u00f3s o fim do aumento da demanda trazido pelas vendas de Natal e pela temporada de ver\u00e3o no litoral.<\/p>\n","protected":false},"excerpt":{"rendered":"<p>A Fecom\u00e9rcio SC estima a cria\u00e7\u00e3o de 10 mil vagas tempor\u00e1rias no com\u00e9rcio catarinense para a temporada de final de ano. O n\u00famero \u00e9 menor do que o saldo obtido em 2012, quando foram criadas em torno de 13 mil vagas. A estimativa de um menor n\u00famero de vagas este ano expressa, principalmente, a desacelera\u00e7\u00e3o [&hellip;]<\/p>\n","protected":false},"author":1,"featured_media":0,"comment_status":"closed","ping_status":"open","sticky":false,"template":"","format":"standard","meta":{"footnotes":""},"categories":[5],"tags":[],"class_list":["post-1094","post","type-post","status-publish","format-standard","hentry","category-noticias","no-post-thumbnail"],"_links":{"self":[{"href":"https:\/\/www.cdlbc.com.br\/portal\/wp-json\/wp\/v2\/posts\/1094","targetHints":{"allow":["GET"]}}],"collection":[{"href":"https:\/\/www.cdlbc.com.br\/portal\/wp-json\/wp\/v2\/posts"}],"about":[{"href":"https:\/\/www.cdlbc.com.br\/portal\/wp-json\/wp\/v2\/types\/post"}],"author":[{"embeddable":true,"href":"https:\/\/www.cdlbc.com.br\/portal\/wp-json\/wp\/v2\/users\/1"}],"replies":[{"embeddable":true,"href":"https:\/\/www.cdlbc.com.br\/portal\/wp-json\/wp\/v2\/comments?post=1094"}],"version-history":[{"count":2,"href":"https:\/\/www.cdlbc.com.br\/portal\/wp-json\/wp\/v2\/posts\/1094\/revisions"}],"predecessor-version":[{"id":1096,"href":"https:\/\/www.cdlbc.com.br\/portal\/wp-json\/wp\/v2\/posts\/1094\/revisions\/1096"}],"wp:attachment":[{"href":"https:\/\/www.cdlbc.com.br\/portal\/wp-json\/wp\/v2\/media?parent=1094"}],"wp:term":[{"taxonomy":"category","embeddable":true,"href":"https:\/\/www.cdlbc.com.br\/portal\/wp-json\/wp\/v2\/categories?post=1094"},{"taxonomy":"post_tag","embeddable":true,"href":"https:\/\/www.cdlbc.com.br\/portal\/wp-json\/wp\/v2\/tags?post=1094"}],"curies":[{"name":"wp","href":"https:\/\/api.w.org\/{rel}","templated":true}]}}